{"id":4804,"date":"2025-01-06T09:00:00","date_gmt":"2025-01-06T08:00:00","guid":{"rendered":"https:\/\/www.rajapack.dk\/blog-dk\/?p=4804"},"modified":"2025-01-07T08:35:35","modified_gmt":"2025-01-07T07:35:35","slug":"baeredygtighed-i-fokus-nye-eu-krav-i-2025","status":"publish","type":"post","link":"https:\/\/www.rajapack.dk\/blog-dk\/baeredygtighed-i-fokus-nye-eu-krav-i-2025","title":{"rendered":"Hvad er EU&#8217;s nye emballagekrav fra 2025?"},"content":{"rendered":"<p><strong>I takt med at b\u00e6redygtighed og milj\u00f8ansvar f\u00e5r st\u00f8rre betydning i EU\u2019s lovgivning, er der nye krav p\u00e5 vej til emballageindustrien. Fra 2025 vil EU\u2019s nye emballagekrav tr\u00e6de i kraft, og de vil \u00e6ndre spillereglerne for virksomheder i hele Europa. M\u00e5let er at reducere affald, \u00f8ge genanvendelsen og sikre, at vi alle tager del i overgangen til en cirkul\u00e6r \u00f8konomi. For virksomheder betyder dette, at det er tid til at forberede sig \u2013 men hvad indeb\u00e6rer de nye krav, og hvordan kan virksomheder bedst tilpasse sig?<\/strong><\/p>\n<p class=\"has-medium-font-size\"><strong><br \/>\n<\/strong><a href=\"https:\/\/www.europarl.europa.eu\/news\/da\/press-room\/20240419IPR20589\/nye-eu-regler-om-reduktion-genbrug-og-genanvendelse-af-emballage\">EU\u2019s nye emballagekrav<\/a> fokuserer p\u00e5 at minimere milj\u00f8belastningen fra emballage gennem flere initiativer:<\/p>\n<div class=\"wp-block-columns\">\n<div class=\"wp-block-column\">\n<figure class=\"wp-block-image size-full is-resized\"><img loading=\"lazy\" decoding=\"async\" width=\"500\" height=\"500\" class=\"wp-image-4805\" style=\"width: 376px; height: 376px;\" src=\"https:\/\/www.rajapack.dk\/blog-dk\/wp-content\/uploads\/2024\/11\/2.png\" alt=\"\" srcset=\"https:\/\/www.rajapack.dk\/blog-dk\/wp-content\/uploads\/2024\/11\/2.png 500w, https:\/\/www.rajapack.dk\/blog-dk\/wp-content\/uploads\/2024\/11\/2-430x430.png 430w, https:\/\/www.rajapack.dk\/blog-dk\/wp-content\/uploads\/2024\/11\/2-150x150.png 150w, https:\/\/www.rajapack.dk\/blog-dk\/wp-content\/uploads\/2024\/11\/2-120x120.png 120w\" sizes=\"(max-width: 500px) 100vw, 500px\" \/><\/figure>\n<\/div>\n<div class=\"wp-block-column\">\n<p><strong>\u00d8get brug af genanvendelige materialer:<\/strong><br \/>\nEmballage skal i h\u00f8jere grad fremstilles af materialer, der kan <a href=\"https:\/\/www.rajapack.dk\/miljo\/affaldsgenindvinding\">genbruges eller genanvendes. <\/a>Det betyder for eksempel, at virksomheder b\u00f8r undg\u00e5 sv\u00e6rt nedbrydelige materialer og i stedet v\u00e6lge genanvendelige alternativer.<\/p>\n<\/div>\n<\/div>\n<div class=\"wp-block-columns\">\n<div class=\"wp-block-column\">\n<figure class=\"wp-block-image size-full is-resized\"><img loading=\"lazy\" decoding=\"async\" width=\"500\" height=\"500\" class=\"wp-image-4807\" style=\"width: 377px; height: 377px;\" src=\"https:\/\/www.rajapack.dk\/blog-dk\/wp-content\/uploads\/2024\/11\/3.png\" alt=\"\" srcset=\"https:\/\/www.rajapack.dk\/blog-dk\/wp-content\/uploads\/2024\/11\/3.png 500w, https:\/\/www.rajapack.dk\/blog-dk\/wp-content\/uploads\/2024\/11\/3-430x430.png 430w, https:\/\/www.rajapack.dk\/blog-dk\/wp-content\/uploads\/2024\/11\/3-150x150.png 150w, https:\/\/www.rajapack.dk\/blog-dk\/wp-content\/uploads\/2024\/11\/3-120x120.png 120w\" sizes=\"(max-width: 500px) 100vw, 500px\" \/><\/figure>\n<\/div>\n<div class=\"wp-block-column\">\n<p><strong>Reduktion af emballageaffald:<\/strong><br \/>\nM\u00e5let er at <a href=\"https:\/\/www.rajapack.dk\/miljo\/affaldshandtering\">reducere m\u00e6ngden af emballageaffald, <\/a>b\u00e5de for at beskytte milj\u00f8et og spare ressourcer. Dette kan g\u00f8res ved at reducere un\u00f8dvendig emballage eller designe emballagen mere effektivt.<\/p>\n<\/div>\n<\/div>\n<div class=\"wp-block-columns\">\n<div class=\"wp-block-column\">\n<figure class=\"wp-block-image size-full is-resized\"><img loading=\"lazy\" decoding=\"async\" width=\"500\" height=\"500\" class=\"wp-image-4808\" style=\"width: 376px; height: 376px;\" src=\"https:\/\/www.rajapack.dk\/blog-dk\/wp-content\/uploads\/2024\/11\/1-1.png\" alt=\"\" srcset=\"https:\/\/www.rajapack.dk\/blog-dk\/wp-content\/uploads\/2024\/11\/1-1.png 500w, https:\/\/www.rajapack.dk\/blog-dk\/wp-content\/uploads\/2024\/11\/1-1-430x430.png 430w, https:\/\/www.rajapack.dk\/blog-dk\/wp-content\/uploads\/2024\/11\/1-1-150x150.png 150w, https:\/\/www.rajapack.dk\/blog-dk\/wp-content\/uploads\/2024\/11\/1-1-120x120.png 120w\" sizes=\"(max-width: 500px) 100vw, 500px\" \/><\/figure>\n<\/div>\n<div class=\"wp-block-column\">\n<p><strong>Design for cirkul\u00e6r \u00f8konomi:<\/strong><br \/>\nEmballageprodukter skal designes, s\u00e5 de passer ind i en cirkul\u00e6r \u00f8konomi, hvor ressourcer holdes i kredsl\u00f8b s\u00e5 l\u00e6nge som muligt. Det vil sige, at emballagen skal kunne repareres, genbruges eller genanvendes, i stedet for blot at ende som affald.<\/p>\n<\/div>\n<\/div>\n<p><strong>Hvorfor er de nye krav vigtige?<br \/>\n<\/strong>De nye krav afspejler EU\u2019s vision om et mere b\u00e6redygtigt samfund og en \u00f8konomi, der bygger p\u00e5 genanvendelse frem for affaldsproduktion. For virksomheder kan de nye regler ogs\u00e5 v\u00e6re en mulighed for at skabe v\u00e6rdi, b\u00e5de ved at reducere omkostningerne gennem effektiv emballagedesign og ved at styrke brandets image som milj\u00f8venligt og ansvarligt. Desuden er der voksende forventninger fra forbrugerne. Flere og flere \u00f8nsker at k\u00f8be produkter fra virksomheder, der tager klima og milj\u00f8 alvorligt. Ved at tilpasse sig de nye krav kan virksomheder m\u00f8de disse forbrugerkrav og fremtidssikre deres forretningsmodel.<\/p>\n<div class=\"wp-block-spacer\" style=\"height: 30px;\" aria-hidden=\"true\"><\/div>\n<hr class=\"wp-block-separator has-alpha-channel-opacity\" \/>\n<p><strong>Hvordan kan virksomheder forberede sig?<\/strong><\/p>\n<div class=\"wp-block-columns\">\n<div class=\"wp-block-column\">\n<p><strong>Gennemg\u00e5 og evalu\u00e9r emballagematerialer:<\/strong><br \/>\nDet f\u00f8rste skridt er at se p\u00e5<br \/>\nden eksisterende emballage<br \/>\nog overveje, om den lever op<br \/>\ntil de nye krav. Er materialerne<br \/>\nlette at genanvende? Er der un\u00f8dvendige elementer, som<br \/>\nkan fjernes uden<br \/>\nat skade produktet?<\/p>\n<\/div>\n<div class=\"wp-block-column\">\n<p><strong>Samarbejd med milj\u00f8beviste <\/strong><a href=\"https:\/\/www.rajapack.dk\/miljo\"><strong>leverand\u00f8rer som RAJAPACK<\/strong>:<\/a><br \/>\nLeverand\u00f8rer kan v\u00e6re en vigtig partner i at finde mere b\u00e6redygtige materialer og<br \/>\nudvikle innovative l\u00f8sninger.<br \/>\nRAJAPACK har erfaring med <a href=\"https:\/\/www.rajapack.dk\/milj%C3%B8venlig-emballage_cms_000121.html\">b\u00e6redygtige alternativer<\/a> og kan hj\u00e6lpe med at finde de bedste l\u00f8sninger for din virksomhed.<\/p>\n<\/div>\n<div class=\"wp-block-column\">\n<p><strong>Implement\u00e9r <\/strong><br \/>\n<strong>genbrugsl\u00f8sninger:<\/strong><br \/>\nOvervej, om der er m\u00e5der, hvorp\u00e5 jeres emballage kan genbruges af kunderne. Det kan v\u00e6re gennem et pant- eller returprogram, hvor kunderne leverer emballagen tilbage, s\u00e5 den kan anvendes igen.<\/p>\n<\/div>\n<\/div>\n<div class=\"wp-block-columns\">\n<div class=\"wp-block-column\">\n<p><strong>Udarbejd en strategi <\/strong><br \/>\n<strong>for cirkul\u00e6rt design:<\/strong><br \/>\nDet handler om at t\u00e6nke i hele emballagens livscyklus. Kan emballagen nemt skilles ad,<br \/>\ns\u00e5 forskellige materialer kan genbruges separat? Er der<br \/>\nm\u00e5der at optimere designet,<br \/>\ns\u00e5 materialeforbruget minimeres uden at g\u00e5 p\u00e5 kompromis med produktets beskyttelse?<\/p>\n<\/div>\n<div class=\"wp-block-column\">\n<p><strong>Forbered jeres <\/strong><br \/>\n<strong>kommunikation:<\/strong><br \/>\nForbrugere er i stigende grad interesserede i, hvordan produkter og emballage p\u00e5virker milj\u00f8et.<br \/>\nG\u00f8r det nemt for dem at forst\u00e5, hvordan jeres emballage lever op til de nye krav, og hvilke b\u00e6redygtige valg I har taget.<br \/>\nEn gennemsigtig og \u00e6rlig kommunikation kan styrke jeres position p\u00e5 markedet.<\/p>\n<\/div>\n<div class=\"wp-block-column\">\n<figure class=\"wp-block-image size-full is-resized\"><img loading=\"lazy\" decoding=\"async\" width=\"500\" height=\"700\" class=\"wp-image-4817\" style=\"width: 273px; height: auto;\" src=\"https:\/\/www.rajapack.dk\/blog-dk\/wp-content\/uploads\/2024\/11\/Design-uden-navn.png\" alt=\"\" srcset=\"https:\/\/www.rajapack.dk\/blog-dk\/wp-content\/uploads\/2024\/11\/Design-uden-navn.png 500w, https:\/\/www.rajapack.dk\/blog-dk\/wp-content\/uploads\/2024\/11\/Design-uden-navn-307x430.png 307w\" sizes=\"(max-width: 500px) 100vw, 500px\" \/><\/figure>\n<\/div>\n<\/div>\n<hr class=\"wp-block-separator has-alpha-channel-opacity\" \/>\n<div class=\"wp-block-spacer\" style=\"height: 30px;\" aria-hidden=\"true\"><\/div>\n<p><strong>Fordele ved at v\u00e6re proaktiv<br \/>\n<\/strong>For virksomheder, der er tidligt ude med at tilpasse sig de nye krav, er der klare fordele. Ved at tage initiativ nu kan man reducere risici og potentielle omkostninger senere, n\u00e5r kravene tr\u00e6der i kraft. Desuden kan en proaktiv tilgang give et forspring, hvor man kan markedsf\u00f8re sig som en frontl\u00f8ber inden for b\u00e6redygtig emballage \u2013 en klar konkurrencefordel i en tid, hvor forbrugerne v\u00e6gter milj\u00f8venlighed h\u00f8jt.<\/p>\n<p><strong>Afsluttende tanker<br \/>\n<\/strong>EU\u2019s nye emballagekrav, der tr\u00e6der i kraft i 2025, kan virke som en stor udfordring, men de er ogs\u00e5 en unik mulighed for virksomheder til at <a href=\"https:\/\/www.rajapack.dk\/miljo\/miljovenlige-produkter\">gent\u00e6nke emballage<\/a> og bidrage positivt til milj\u00f8et. Ved at forberede sig i god tid kan virksomheder ikke kun sikre overholdelse af reglerne, men ogs\u00e5 opn\u00e5 betydelige fordele og forbedre deres omd\u00f8mme i forhold til <a href=\"https:\/\/www.rajapack.dk\/miljo\/5-emballageprincipper\">b\u00e6redygtighed.<\/a><\/p>\n<p>At forberede sig p\u00e5 fremtiden nu kan vise sig at v\u00e6re en investering, der b\u00e5de hj\u00e6lper forretningen og vores planet i det lange l\u00f8b.<\/p>\n<figure class=\"wp-block-image size-full\"><img loading=\"lazy\" decoding=\"async\" width=\"1000\" height=\"400\" class=\"wp-image-4811\" src=\"https:\/\/www.rajapack.dk\/blog-dk\/wp-content\/uploads\/2024\/11\/Jorden-er-vores-ven-ligesom-bamserne-og-dukkerne.-Hvis-vi-holder-om-den-og-passer-paa-den-saa-bliver-den-aldrig-ked-af-det-\u2013-saa-kan-alle-have-det-rart-og-varmt.-1.png\" alt=\"\" srcset=\"https:\/\/www.rajapack.dk\/blog-dk\/wp-content\/uploads\/2024\/11\/Jorden-er-vores-ven-ligesom-bamserne-og-dukkerne.-Hvis-vi-holder-om-den-og-passer-paa-den-saa-bliver-den-aldrig-ked-af-det-\u2013-saa-kan-alle-have-det-rart-og-varmt.-1.png 1000w, https:\/\/www.rajapack.dk\/blog-dk\/wp-content\/uploads\/2024\/11\/Jorden-er-vores-ven-ligesom-bamserne-og-dukkerne.-Hvis-vi-holder-om-den-og-passer-paa-den-saa-bliver-den-aldrig-ked-af-det-\u2013-saa-kan-alle-have-det-rart-og-varmt.-1-430x172.png 430w, https:\/\/www.rajapack.dk\/blog-dk\/wp-content\/uploads\/2024\/11\/Jorden-er-vores-ven-ligesom-bamserne-og-dukkerne.-Hvis-vi-holder-om-den-og-passer-paa-den-saa-bliver-den-aldrig-ked-af-det-\u2013-saa-kan-alle-have-det-rart-og-varmt.-1-768x307.png 768w\" sizes=\"(max-width: 1000px) 100vw, 1000px\" \/><\/figure>\n<hr class=\"wp-block-separator has-alpha-channel-opacity\" \/>\n<p><em>Her er nogle gode links og kilder, der kan hj\u00e6lpe dig som l\u00e6ser, med at dykke dybere ned i emnet om EU&#8217;s nye emballagekrav og b\u00e6redygtighed:<\/em><\/p>\n<p><em><strong>EU&#8217;s Milj\u00f8portal<\/strong> \u2013 Her kan du finde officiel information om EU\u2019s milj\u00f8politik, herunder de kommende emballagekrav, b\u00e6redygtighedsinitiativer og cirkul\u00e6r \u00f8konomi:\u00a0<a href=\"https:\/\/ec.europa.eu\/environment\/\">EU Environment &#8211; European Commission<\/a><\/em><\/p>\n<p><em><strong>Den Europ\u00e6iske Gr\u00f8nne Pagt<\/strong> \u2013 EU\u2019s Green Deal s\u00e6tter retningen for en b\u00e6redygtig \u00f8konomi i Europa og indeholder konkrete m\u00e5l og strategier: <a href=\"https:\/\/ec.europa.eu\/clima\/eu-action\/european-green-deal_en\">European Green Deal<\/a><\/em><\/p>\n","protected":false},"excerpt":{"rendered":"<p>I takt med at b\u00e6redygtighed og milj\u00f8ansvar f\u00e5r st\u00f8rre betydning i EU\u2019s lovgivning, er der nye krav p\u00e5 vej til emballageindustrien. Fra 2025 vil EU\u2019s nye emballagekrav tr\u00e6de i kraft, [&#8230;]<\/p>\n","protected":false},"author":74,"featured_media":4819,"comment_status":"closed","ping_status":"closed","sticky":false,"template":"","format":"standard","meta":{"_acf_changed":false,"footnotes":""},"categories":[433],"tags":[537,508,494,534,475,476,436,441,535,536],"class_list":["post-4804","post","type-post","status-publish","format-standard","has-post-thumbnail","hentry","category-miljoe-emballage","tag-enviroment","tag-eu","tag-genbrug","tag-lovgivning","tag-miljoe","tag-miljoevenlig-emballage","tag-optimering","tag-raadgivning","tag-retningslinjer","tag-vejledning"],"acf":[],"yoast_head":"\n<title>Hvad er EU&#039;s nye emballagekrav fra 2025? - Rajapack Danmark, din partner i emballage<\/title>\n<meta name=\"robots\" content=\"index, follow, max-snippet:-1, max-image-preview:large, max-video-preview:-1\" \/>\n<link rel=\"canonical\" href=\"https:\/\/www.rajapack.dk\/blog-dk\/baeredygtighed-i-fokus-nye-eu-krav-i-2025\" \/>\n<meta property=\"og:locale\" content=\"da_DK\" \/>\n<meta property=\"og:type\" content=\"article\" \/>\n<meta property=\"og:title\" content=\"Hvad er EU&#039;s nye emballagekrav fra 2025? - Rajapack Danmark, din partner i emballage\" \/>\n<meta property=\"og:description\" content=\"I takt med at b\u00e6redygtighed og milj\u00f8ansvar f\u00e5r st\u00f8rre betydning i EU\u2019s lovgivning, er der nye krav p\u00e5 vej til emballageindustrien. Fra 2025 vil EU\u2019s nye emballagekrav tr\u00e6de i kraft, [...]\" \/>\n<meta property=\"og:url\" content=\"https:\/\/www.rajapack.dk\/blog-dk\/baeredygtighed-i-fokus-nye-eu-krav-i-2025\" \/>\n<meta property=\"og:site_name\" content=\"Rajapack Danmark, din partner i emballage\" \/>\n<meta property=\"article:publisher\" content=\"https:\/\/www.facebook.com\/RajaDanmark\" \/>\n<meta property=\"article:published_time\" content=\"2025-01-06T08:00:00+00:00\" \/>\n<meta property=\"article:modified_time\" content=\"2025-01-07T07:35:35+00:00\" \/>\n<meta property=\"og:image\" content=\"https:\/\/www.rajapack.dk\/blog-dk\/wp-content\/uploads\/2024\/11\/1500x840_Billeder-til-Blog-4.png\" \/>\n\t<meta property=\"og:image:width\" content=\"1500\" \/>\n\t<meta property=\"og:image:height\" content=\"840\" \/>\n\t<meta property=\"og:image:type\" content=\"image\/png\" \/>\n<meta name=\"author\" content=\"Christina Louise Nagel\" \/>\n<meta name=\"twitter:card\" content=\"summary_large_image\" \/>\n<meta name=\"twitter:label1\" content=\"Skrevet af\" \/>\n\t<meta name=\"twitter:data1\" content=\"Christina Louise Nagel\" \/>\n\t<meta name=\"twitter:label2\" content=\"Estimeret l\u00e6setid\" \/>\n\t<meta name=\"twitter:data2\" content=\"6 minutter\" \/>\n<script type=\"application\/ld+json\" class=\"yoast-schema-graph\">{\n\t    \"@context\": \"https:\/\/schema.org\",\n\t    \"@graph\": [\n\t        {\n\t            \"@type\": \"Article\",\n\t            \"@id\": \"https:\/\/www.rajapack.dk\/blog-dk\/baeredygtighed-i-fokus-nye-eu-krav-i-2025#article\",\n\t            \"isPartOf\": {\n\t                \"@id\": \"https:\/\/www.rajapack.dk\/blog-dk\/baeredygtighed-i-fokus-nye-eu-krav-i-2025\"\n\t            },\n\t            \"author\": {\n\t                \"name\": \"Christina Louise Nagel\",\n\t                \"@id\": \"https:\/\/www.rajapack.dk\/blog-dk\/#\/schema\/person\/4b30dbde590ed97ddf1992f049b97d22\"\n\t            },\n\t            \"headline\": \"Hvad er EU&#8217;s nye emballagekrav fra 2025?\",\n\t            \"datePublished\": \"2025-01-06T08:00:00+00:00\",\n\t            \"dateModified\": \"2025-01-07T07:35:35+00:00\",\n\t            \"mainEntityOfPage\": {\n\t                \"@id\": \"https:\/\/www.rajapack.dk\/blog-dk\/baeredygtighed-i-fokus-nye-eu-krav-i-2025\"\n\t            },\n\t            \"wordCount\": 843,\n\t            \"publisher\": {\n\t                \"@id\": \"https:\/\/www.rajapack.dk\/blog-dk\/#organization\"\n\t            },\n\t            \"image\": {\n\t                \"@id\": \"https:\/\/www.rajapack.dk\/blog-dk\/baeredygtighed-i-fokus-nye-eu-krav-i-2025#primaryimage\"\n\t            },\n\t            \"thumbnailUrl\": \"https:\/\/www.rajapack.dk\/blog-dk\/wp-content\/uploads\/2024\/11\/1500x840_Billeder-til-Blog-4.png\",\n\t            \"keywords\": [\n\t                \"Enviroment\",\n\t                \"EU\",\n\t                \"Genbrug\",\n\t                \"Lovgivning\",\n\t                \"Milj\u00f8\",\n\t                \"Milj\u00f8venlig emballage\",\n\t                \"Optimering\",\n\t                \"R\u00e5dgivning\",\n\t                \"Retningslinjer\",\n\t                \"Vejledning\"\n\t            ],\n\t            \"articleSection\": [\n\t                \"Milj\u00f8et og emballage\"\n\t            ],\n\t            \"inLanguage\": \"da-DK\"\n\t        },\n\t        {\n\t            \"@type\": \"WebPage\",\n\t            \"@id\": \"https:\/\/www.rajapack.dk\/blog-dk\/baeredygtighed-i-fokus-nye-eu-krav-i-2025\",\n\t            \"url\": \"https:\/\/www.rajapack.dk\/blog-dk\/baeredygtighed-i-fokus-nye-eu-krav-i-2025\",\n\t            \"name\": \"Hvad er EU's nye emballagekrav fra 2025? - Rajapack Danmark, din partner i emballage\",\n\t            \"isPartOf\": {\n\t                \"@id\": \"https:\/\/www.rajapack.dk\/blog-dk\/#website\"\n\t            },\n\t            \"primaryImageOfPage\": {\n\t                \"@id\": \"https:\/\/www.rajapack.dk\/blog-dk\/baeredygtighed-i-fokus-nye-eu-krav-i-2025#primaryimage\"\n\t            },\n\t            \"image\": {\n\t                \"@id\": \"https:\/\/www.rajapack.dk\/blog-dk\/baeredygtighed-i-fokus-nye-eu-krav-i-2025#primaryimage\"\n\t            },\n\t            \"thumbnailUrl\": \"https:\/\/www.rajapack.dk\/blog-dk\/wp-content\/uploads\/2024\/11\/1500x840_Billeder-til-Blog-4.png\",\n\t            \"datePublished\": \"2025-01-06T08:00:00+00:00\",\n\t            \"dateModified\": \"2025-01-07T07:35:35+00:00\",\n\t            \"inLanguage\": \"da-DK\",\n\t            \"potentialAction\": [\n\t                {\n\t                    \"@type\": \"ReadAction\",\n\t                    \"target\": [\n\t                        \"https:\/\/www.rajapack.dk\/blog-dk\/baeredygtighed-i-fokus-nye-eu-krav-i-2025\"\n\t                    ]\n\t                }\n\t            ]\n\t        },\n\t        {\n\t            \"@type\": \"ImageObject\",\n\t            \"inLanguage\": \"da-DK\",\n\t            \"@id\": \"https:\/\/www.rajapack.dk\/blog-dk\/baeredygtighed-i-fokus-nye-eu-krav-i-2025#primaryimage\",\n\t            \"url\": \"https:\/\/www.rajapack.dk\/blog-dk\/wp-content\/uploads\/2024\/11\/1500x840_Billeder-til-Blog-4.png\",\n\t            \"contentUrl\": \"https:\/\/www.rajapack.dk\/blog-dk\/wp-content\/uploads\/2024\/11\/1500x840_Billeder-til-Blog-4.png\",\n\t            \"width\": 1500,\n\t            \"height\": 840\n\t        },\n\t        {\n\t            \"@type\": \"WebSite\",\n\t            \"@id\": \"https:\/\/www.rajapack.dk\/blog-dk\/#website\",\n\t            \"url\": \"https:\/\/www.rajapack.dk\/blog-dk\/\",\n\t            \"name\": \"Rajapack Danmark, din partner i emballage\",\n\t            \"description\": \"Nyheder, tips og guides fra vores eksperter i emballage\",\n\t            \"publisher\": {\n\t                \"@id\": \"https:\/\/www.rajapack.dk\/blog-dk\/#organization\"\n\t            },\n\t            \"potentialAction\": [\n\t                {\n\t                    \"@type\": \"SearchAction\",\n\t                    \"target\": {\n\t                        \"@type\": \"EntryPoint\",\n\t                        \"urlTemplate\": \"https:\/\/www.rajapack.dk\/blog-dk\/?s={search_term_string}\"\n\t                    },\n\t                    \"query-input\": \"required name=search_term_string\"\n\t                }\n\t            ],\n\t            \"inLanguage\": \"da-DK\"\n\t        },\n\t        {\n\t            \"@type\": \"Organization\",\n\t            \"@id\": \"https:\/\/www.rajapack.dk\/blog-dk\/#organization\",\n\t            \"name\": \"Rajapack Danmark, din partner i emballage\",\n\t            \"url\": \"https:\/\/www.rajapack.dk\/blog-dk\/\",\n\t            \"logo\": {\n\t                \"@type\": \"ImageObject\",\n\t                \"inLanguage\": \"da-DK\",\n\t                \"@id\": \"https:\/\/www.rajapack.dk\/blog-dk\/#\/schema\/logo\/image\/\",\n\t                \"url\": \"https:\/\/www.rajapack.dk\/blog-dk\/wp-content\/uploads\/2019\/09\/DK-blog-logo-0919.png\",\n\t                \"contentUrl\": \"https:\/\/www.rajapack.dk\/blog-dk\/wp-content\/uploads\/2019\/09\/DK-blog-logo-0919.png\",\n\t                \"width\": 572,\n\t                \"height\": 119,\n\t                \"caption\": \"Rajapack Danmark, din partner i emballage\"\n\t            },\n\t            \"image\": {\n\t                \"@id\": \"https:\/\/www.rajapack.dk\/blog-dk\/#\/schema\/logo\/image\/\"\n\t            },\n\t            \"sameAs\": [\n\t                \"https:\/\/www.facebook.com\/RajaDanmark\",\n\t                \"https:\/\/www.linkedin.com\/company\/rajapack-danmark\/\"\n\t            ]\n\t        },\n\t        {\n\t            \"@type\": \"Person\",\n\t            \"@id\": \"https:\/\/www.rajapack.dk\/blog-dk\/#\/schema\/person\/4b30dbde590ed97ddf1992f049b97d22\",\n\t            \"name\": \"Christina Louise Nagel\",\n\t            \"image\": {\n\t                \"@type\": \"ImageObject\",\n\t                \"inLanguage\": \"da-DK\",\n\t                \"@id\": \"https:\/\/www.rajapack.dk\/blog-dk\/#\/schema\/person\/image\/\",\n\t                \"url\": \"https:\/\/secure.gravatar.com\/avatar\/81cf9554e2eb7f8bfb6aff1633d320cc?s=96&d=mm&r=g\",\n\t                \"contentUrl\": \"https:\/\/secure.gravatar.com\/avatar\/81cf9554e2eb7f8bfb6aff1633d320cc?s=96&d=mm&r=g\",\n\t                \"caption\": \"Christina Louise Nagel\"\n\t            },\n\t            \"url\": \"https:\/\/www.rajapack.dk\/blog-dk\/author\/clnagelrajapack-dk\"\n\t        }\n\t    ]\n\t}<\/script>\n","yoast_head_json":{"title":"Hvad er EU's nye emballagekrav fra 2025? - Rajapack Danmark, din partner i emballage","robots":{"index":"index","follow":"follow","max-snippet":"max-snippet:-1","max-image-preview":"max-image-preview:large","max-video-preview":"max-video-preview:-1"},"canonical":"https:\/\/www.rajapack.dk\/blog-dk\/baeredygtighed-i-fokus-nye-eu-krav-i-2025","og_locale":"da_DK","og_type":"article","og_title":"Hvad er EU's nye emballagekrav fra 2025? - Rajapack Danmark, din partner i emballage","og_description":"I takt med at b\u00e6redygtighed og milj\u00f8ansvar f\u00e5r st\u00f8rre betydning i EU\u2019s lovgivning, er der nye krav p\u00e5 vej til emballageindustrien. Fra 2025 vil EU\u2019s nye emballagekrav tr\u00e6de i kraft, [...]","og_url":"https:\/\/www.rajapack.dk\/blog-dk\/baeredygtighed-i-fokus-nye-eu-krav-i-2025","og_site_name":"Rajapack Danmark, din partner i emballage","article_publisher":"https:\/\/www.facebook.com\/RajaDanmark","article_published_time":"2025-01-06T08:00:00+00:00","article_modified_time":"2025-01-07T07:35:35+00:00","og_image":[{"width":1500,"height":840,"url":"https:\/\/www.rajapack.dk\/blog-dk\/wp-content\/uploads\/2024\/11\/1500x840_Billeder-til-Blog-4.png","type":"image\/png"}],"author":"Christina Louise Nagel","twitter_card":"summary_large_image","twitter_misc":{"Skrevet af":"Christina Louise Nagel","Estimeret l\u00e6setid":"6 minutter"},"schema":{"@context":"https:\/\/schema.org","@graph":[{"@type":"Article","@id":"https:\/\/www.rajapack.dk\/blog-dk\/baeredygtighed-i-fokus-nye-eu-krav-i-2025#article","isPartOf":{"@id":"https:\/\/www.rajapack.dk\/blog-dk\/baeredygtighed-i-fokus-nye-eu-krav-i-2025"},"author":{"name":"Christina Louise Nagel","@id":"https:\/\/www.rajapack.dk\/blog-dk\/#\/schema\/person\/4b30dbde590ed97ddf1992f049b97d22"},"headline":"Hvad er EU&#8217;s nye emballagekrav fra 2025?","datePublished":"2025-01-06T08:00:00+00:00","dateModified":"2025-01-07T07:35:35+00:00","mainEntityOfPage":{"@id":"https:\/\/www.rajapack.dk\/blog-dk\/baeredygtighed-i-fokus-nye-eu-krav-i-2025"},"wordCount":843,"publisher":{"@id":"https:\/\/www.rajapack.dk\/blog-dk\/#organization"},"image":{"@id":"https:\/\/www.rajapack.dk\/blog-dk\/baeredygtighed-i-fokus-nye-eu-krav-i-2025#primaryimage"},"thumbnailUrl":"https:\/\/www.rajapack.dk\/blog-dk\/wp-content\/uploads\/2024\/11\/1500x840_Billeder-til-Blog-4.png","keywords":["Enviroment","EU","Genbrug","Lovgivning","Milj\u00f8","Milj\u00f8venlig emballage","Optimering","R\u00e5dgivning","Retningslinjer","Vejledning"],"articleSection":["Milj\u00f8et og emballage"],"inLanguage":"da-DK"},{"@type":"WebPage","@id":"https:\/\/www.rajapack.dk\/blog-dk\/baeredygtighed-i-fokus-nye-eu-krav-i-2025","url":"https:\/\/www.rajapack.dk\/blog-dk\/baeredygtighed-i-fokus-nye-eu-krav-i-2025","name":"Hvad er EU's nye emballagekrav fra 2025? - Rajapack Danmark, din partner i emballage","isPartOf":{"@id":"https:\/\/www.rajapack.dk\/blog-dk\/#website"},"primaryImageOfPage":{"@id":"https:\/\/www.rajapack.dk\/blog-dk\/baeredygtighed-i-fokus-nye-eu-krav-i-2025#primaryimage"},"image":{"@id":"https:\/\/www.rajapack.dk\/blog-dk\/baeredygtighed-i-fokus-nye-eu-krav-i-2025#primaryimage"},"thumbnailUrl":"https:\/\/www.rajapack.dk\/blog-dk\/wp-content\/uploads\/2024\/11\/1500x840_Billeder-til-Blog-4.png","datePublished":"2025-01-06T08:00:00+00:00","dateModified":"2025-01-07T07:35:35+00:00","inLanguage":"da-DK","potentialAction":[{"@type":"ReadAction","target":["https:\/\/www.rajapack.dk\/blog-dk\/baeredygtighed-i-fokus-nye-eu-krav-i-2025"]}]},{"@type":"ImageObject","inLanguage":"da-DK","@id":"https:\/\/www.rajapack.dk\/blog-dk\/baeredygtighed-i-fokus-nye-eu-krav-i-2025#primaryimage","url":"https:\/\/www.rajapack.dk\/blog-dk\/wp-content\/uploads\/2024\/11\/1500x840_Billeder-til-Blog-4.png","contentUrl":"https:\/\/www.rajapack.dk\/blog-dk\/wp-content\/uploads\/2024\/11\/1500x840_Billeder-til-Blog-4.png","width":1500,"height":840},{"@type":"WebSite","@id":"https:\/\/www.rajapack.dk\/blog-dk\/#website","url":"https:\/\/www.rajapack.dk\/blog-dk\/","name":"Rajapack Danmark, din partner i emballage","description":"Nyheder, tips og guides fra vores eksperter i emballage","publisher":{"@id":"https:\/\/www.rajapack.dk\/blog-dk\/#organization"},"potentialAction":[{"@type":"SearchAction","target":{"@type":"EntryPoint","urlTemplate":"https:\/\/www.rajapack.dk\/blog-dk\/?s={search_term_string}"},"query-input":"required name=search_term_string"}],"inLanguage":"da-DK"},{"@type":"Organization","@id":"https:\/\/www.rajapack.dk\/blog-dk\/#organization","name":"Rajapack Danmark, din partner i emballage","url":"https:\/\/www.rajapack.dk\/blog-dk\/","logo":{"@type":"ImageObject","inLanguage":"da-DK","@id":"https:\/\/www.rajapack.dk\/blog-dk\/#\/schema\/logo\/image\/","url":"https:\/\/www.rajapack.dk\/blog-dk\/wp-content\/uploads\/2019\/09\/DK-blog-logo-0919.png","contentUrl":"https:\/\/www.rajapack.dk\/blog-dk\/wp-content\/uploads\/2019\/09\/DK-blog-logo-0919.png","width":572,"height":119,"caption":"Rajapack Danmark, din partner i emballage"},"image":{"@id":"https:\/\/www.rajapack.dk\/blog-dk\/#\/schema\/logo\/image\/"},"sameAs":["https:\/\/www.facebook.com\/RajaDanmark","https:\/\/www.linkedin.com\/company\/rajapack-danmark\/"]},{"@type":"Person","@id":"https:\/\/www.rajapack.dk\/blog-dk\/#\/schema\/person\/4b30dbde590ed97ddf1992f049b97d22","name":"Christina Louise Nagel","image":{"@type":"ImageObject","inLanguage":"da-DK","@id":"https:\/\/www.rajapack.dk\/blog-dk\/#\/schema\/person\/image\/","url":"https:\/\/secure.gravatar.com\/avatar\/81cf9554e2eb7f8bfb6aff1633d320cc?s=96&d=mm&r=g","contentUrl":"https:\/\/secure.gravatar.com\/avatar\/81cf9554e2eb7f8bfb6aff1633d320cc?s=96&d=mm&r=g","caption":"Christina Louise Nagel"},"url":"https:\/\/www.rajapack.dk\/blog-dk\/author\/clnagelrajapack-dk"}]}},"_links":{"self":[{"href":"https:\/\/www.rajapack.dk\/blog-dk\/wp-json\/wp\/v2\/posts\/4804"}],"collection":[{"href":"https:\/\/www.rajapack.dk\/blog-dk\/wp-json\/wp\/v2\/posts"}],"about":[{"href":"https:\/\/www.rajapack.dk\/blog-dk\/wp-json\/wp\/v2\/types\/post"}],"author":[{"embeddable":true,"href":"https:\/\/www.rajapack.dk\/blog-dk\/wp-json\/wp\/v2\/users\/74"}],"replies":[{"embeddable":true,"href":"https:\/\/www.rajapack.dk\/blog-dk\/wp-json\/wp\/v2\/comments?post=4804"}],"version-history":[{"count":14,"href":"https:\/\/www.rajapack.dk\/blog-dk\/wp-json\/wp\/v2\/posts\/4804\/revisions"}],"predecessor-version":[{"id":4872,"href":"https:\/\/www.rajapack.dk\/blog-dk\/wp-json\/wp\/v2\/posts\/4804\/revisions\/4872"}],"wp:featuredmedia":[{"embeddable":true,"href":"https:\/\/www.rajapack.dk\/blog-dk\/wp-json\/wp\/v2\/media\/4819"}],"wp:attachment":[{"href":"https:\/\/www.rajapack.dk\/blog-dk\/wp-json\/wp\/v2\/media?parent=4804"}],"wp:term":[{"taxonomy":"category","embeddable":true,"href":"https:\/\/www.rajapack.dk\/blog-dk\/wp-json\/wp\/v2\/categories?post=4804"},{"taxonomy":"post_tag","embeddable":true,"href":"https:\/\/www.rajapack.dk\/blog-dk\/wp-json\/wp\/v2\/tags?post=4804"}],"curies":[{"name":"wp","href":"https:\/\/api.w.org\/{rel}","templated":true}]}}