{"id":5505,"date":"2025-08-29T12:56:44","date_gmt":"2025-08-29T11:56:44","guid":{"rendered":"https:\/\/www.rajapack.dk\/blog-dk\/?p=5505"},"modified":"2025-08-29T12:56:46","modified_gmt":"2025-08-29T11:56:46","slug":"hvorfor-vaelge-made-in-europe","status":"publish","type":"post","link":"https:\/\/www.rajapack.dk\/blog-dk\/hvorfor-vaelge-made-in-europe","title":{"rendered":"Hvorfor v\u00e6lge &#8220;Made in Europe&#8221;?"},"content":{"rendered":"<p><strong>En forpligtelse til kvalitet, reaktionsevne og et reduceret CO\u2082-aftryk.<\/strong><br \/>\nN\u00e5r du v\u00e6lger europ\u00e6isk-producerede varer, v\u00e6lger du h\u00f8jere kvalitet, st\u00f8rre sikkerhed, mere milj\u00f8hensyn og hurtigere levering. Her kan du l\u00e6se, hvorfor denne produktionsform fortjener din fulde tillid.<\/p>\n<div class=\"wp-block-spacer\" style=\"height: 30px;\" aria-hidden=\"true\"><\/div>\n<hr class=\"wp-block-separator has-alpha-channel-opacity\" \/>\n<div class=\"wp-block-spacer\" style=\"height: 30px;\" aria-hidden=\"true\"><\/div>\n<p><strong>Strenge europ\u00e6iske standarder \u2013 din tryghedsgaranti<\/strong><\/p>\n<p>De europ\u00e6iske regler er blandt de skrappeste i verden, n\u00e5r det g\u00e6lder kvalitet, sikkerhed og milj\u00f8. De stiller krav om grundige kontrolprocedurer i alle led af produktets livscyklus \u2013 fra oprindelsen af f\u00f8lsomme r\u00e5varer, over indholdsstoffer i formuleringer, til sikkerhed i brug for slutbrugeren.<\/p>\n<figure class=\"wp-block-image size-large\"><img loading=\"lazy\" decoding=\"async\" width=\"1024\" height=\"256\" class=\"wp-image-5512\" src=\"https:\/\/www.rajapack.dk\/blog-dk\/wp-content\/uploads\/2025\/08\/Design-uden-navn-7-1024x256.png\" alt=\"\" srcset=\"https:\/\/www.rajapack.dk\/blog-dk\/wp-content\/uploads\/2025\/08\/Design-uden-navn-7-1024x256.png 1024w, https:\/\/www.rajapack.dk\/blog-dk\/wp-content\/uploads\/2025\/08\/Design-uden-navn-7-430x108.png 430w, https:\/\/www.rajapack.dk\/blog-dk\/wp-content\/uploads\/2025\/08\/Design-uden-navn-7-768x192.png 768w, https:\/\/www.rajapack.dk\/blog-dk\/wp-content\/uploads\/2025\/08\/Design-uden-navn-7.png 1200w\" sizes=\"(max-width: 1024px) 100vw, 1024px\" \/><\/figure>\n<p>Det sikrer dig:<\/p>\n<ul class=\"wp-block-list\">\n<li>Produkter, der lever op til europ\u00e6iske krav til kvalitet, sundhed og sikkerhed \u2013 fx REACH-forordningen eller relevante ISO-\/EN-standarder.<br \/>\n<em>RAJAPACK Danmark har b\u00e5de <a href=\"https:\/\/raja.scene7.com\/is\/content\/Raja\/PDF\/Certificate%5FDK016605.pdf\">ISO<\/a> og <a href=\"https:\/\/search.fsc.org\/en\/?search=RAJAPACK&amp;page=1\">FSC<\/a> certificering. Find vores certificater ved at klikke p\u00e5 linkene.<\/em><\/li>\n<li>Varer, der er underlagt certificerings- og oplysningspligt, is\u00e6r hvad ang\u00e5r indhold, farlighed og sikkerhed \u2013 eksempelvis limprodukter, f\u00f8devareemballage eller forbrugsvarer til professionelt brug.<\/li>\n<li>Fuld sporbarhed, hvilket er afg\u00f8rende ved eventuelle produktindkaldelser, s\u00e5 du hurtigt og effektivt kan beskytte b\u00e5de kunder og brand.<\/li>\n<\/ul>\n<p>Samtidig underst\u00f8tter myndighederne den cirkul\u00e6re \u00f8konomi gennem lovgivning om reduktion af emballage (AGEC), forbud mod overemballering og tiltag, der fremmer genbrug.<\/p>\n<div class=\"wp-block-spacer\" style=\"height: 30px;\" aria-hidden=\"true\"><\/div>\n<hr class=\"wp-block-separator has-alpha-channel-opacity\" \/>\n<div class=\"wp-block-spacer\" style=\"height: 30px;\" aria-hidden=\"true\"><\/div>\n<div class=\"wp-block-columns\">\n<div class=\"wp-block-column\">\n<figure class=\"wp-block-image size-full is-resized\"><img loading=\"lazy\" decoding=\"async\" width=\"500\" height=\"500\" class=\"wp-image-5513\" style=\"width: 432px; height: auto;\" src=\"https:\/\/www.rajapack.dk\/blog-dk\/wp-content\/uploads\/2025\/08\/eu-kort.png\" alt=\"\" srcset=\"https:\/\/www.rajapack.dk\/blog-dk\/wp-content\/uploads\/2025\/08\/eu-kort.png 500w, https:\/\/www.rajapack.dk\/blog-dk\/wp-content\/uploads\/2025\/08\/eu-kort-430x430.png 430w, https:\/\/www.rajapack.dk\/blog-dk\/wp-content\/uploads\/2025\/08\/eu-kort-150x150.png 150w, https:\/\/www.rajapack.dk\/blog-dk\/wp-content\/uploads\/2025\/08\/eu-kort-120x120.png 120w\" sizes=\"(max-width: 500px) 100vw, 500px\" \/><\/figure>\n<\/div>\n<div class=\"wp-block-column\">\n<p><strong>Hurtig reaktion og optimerede leveringstider \u2013 effektiv logistik<\/strong><\/p>\n<p><strong>Korte forsyningsk\u00e6der g\u00f8r en forskel<\/strong><br \/>\nN\u00e5r produktionen eller indk\u00f8bet sker i Europa:<\/p>\n<ul class=\"wp-block-list\">\n<li><a href=\"https:\/\/www.rajapack.dk\/vores-service\/hurtig-levering_cms_000004.html\">Leveringstiden<\/a> fra leverand\u00f8rer forkortes, s\u00e5 projekter og ordrer undg\u00e5r forsinkelser.<\/li>\n<li>Du opn\u00e5r st\u00f8rre fleksibilitet<a href=\"https:\/\/www.rajapack.dk\/vores-service_cms_000003.html\"> \u2013 hurtig justering af m\u00e6ngder og genbestilling p\u00e5 f\u00e5 dage.<\/a><\/li>\n<li>Transportomkostninger reduceres gennem samlede leverancer, kontrollerede vejtransporter og f\u00e6rre logistiske flaskehalse.<\/li>\n<\/ul>\n<\/div>\n<\/div>\n<div class=\"wp-block-spacer\" style=\"height: 30px;\" aria-hidden=\"true\"><\/div>\n<hr class=\"wp-block-separator has-alpha-channel-opacity\" \/>\n<div class=\"wp-block-spacer\" style=\"height: 30px;\" aria-hidden=\"true\"><\/div>\n<div class=\"wp-block-columns\">\n<div class=\"wp-block-column\">\n<div class=\"wp-block-columns\">\n<div class=\"wp-block-column\" style=\"flex-basis: 66.66%;\">\n<p><strong>Lavere CO\u2082-aftryk \u2013 mindre milj\u00f8belastning<\/strong><\/p>\n<p><strong>Bedre kontrol over milj\u00f8p\u00e5virkningen af dine forsyninger<\/strong><br \/>\nVed at undg\u00e5 import fra fjerne destinationer som Asien, Sydamerika eller Indien kan du:<\/p>\n<ul class=\"wp-block-list\">\n<li>Sk\u00e6re markant ned p\u00e5<a href=\"https:\/\/www.dst.dk\/da\/Statistik\/temaer\/klima\"> CO\u2082-udledningen<\/a> ved at reducere langdistance-transport \u2013 is\u00e6r med skib og fly.<\/li>\n<li>Minimere behovet for ekstra emballage, som ellers kr\u00e6ves til beskyttelse ved lange transporter.<\/li>\n<li>F\u00e5 bedre overblik over og kontrol med dit milj\u00f8aftryk gennem gennemsigtige, korte forsyningsk\u00e6der.<\/li>\n<\/ul>\n<p><strong>T\u00e6nk globalt, handl i hele v\u00e6rdik\u00e6den<\/strong><br \/>\nEn ansvarlig tilgang ser p\u00e5 hele produktets forsyningsk\u00e6de for at finde milj\u00f8m\u00e6ssige forbedringsmuligheder. Eksempelvis for pap og karton:<\/p>\n<ol class=\"wp-block-list\" start=\"1\">\n<li>Oprindelse af r\u00e5tr\u00e6et \u2013 hvor skoven ligger<\/li>\n<li>Stedet hvor tr\u00e6et forarbejdes<\/li>\n<li>Produktion af papirmassen<\/li>\n<li>Fremstilling af selve kartonen<\/li>\n<li>Endelig samling og formgivning til brugsklar emballage<\/li>\n<\/ol>\n<p>Denne detaljerede sporbarhed g\u00f8r det muligt at vurdere produktets milj\u00f8p\u00e5virkning bedre, optimere logistikken og samarbejde med leverand\u00f8rer, der deler dine v\u00e6rdier \u2013 og som selv stiller krav til deres underleverand\u00f8rer.<\/p>\n<\/div>\n<div class=\"wp-block-column\" style=\"flex-basis: 33.33%;\">\n<figure class=\"wp-block-image size-large is-resized\"><img loading=\"lazy\" decoding=\"async\" width=\"273\" height=\"1024\" class=\"wp-image-5515 alignright\" style=\"width: 214px; height: auto;\" src=\"https:\/\/www.rajapack.dk\/blog-dk\/wp-content\/uploads\/2025\/08\/Design-uden-navn-8-273x1024.png\" alt=\"\" srcset=\"https:\/\/www.rajapack.dk\/blog-dk\/wp-content\/uploads\/2025\/08\/Design-uden-navn-8-273x1024.png 273w, https:\/\/www.rajapack.dk\/blog-dk\/wp-content\/uploads\/2025\/08\/Design-uden-navn-8-115x430.png 115w, https:\/\/www.rajapack.dk\/blog-dk\/wp-content\/uploads\/2025\/08\/Design-uden-navn-8.png 400w\" sizes=\"(max-width: 273px) 100vw, 273px\" \/><\/figure>\n<\/div>\n<\/div>\n<\/div>\n<\/div>\n<hr class=\"wp-block-separator has-alpha-channel-opacity\" \/>\n<div class=\"wp-block-spacer\" style=\"height: 30px;\" aria-hidden=\"true\"><\/div>\n<p><strong>St\u00f8tte til lokal\u00f8konomien \u2013 bevarelse af europ\u00e6iske h\u00e5ndv\u00e6rkstraditioner<\/strong><\/p>\n<p><strong>Skab og fasthold kvalificerede arbejdspladser<\/strong><br \/>\nMade in Europe betyder:<\/p>\n<ul class=\"wp-block-list\">\n<li>Produktionsenheder placeret i vores egne regioner, der skaber b\u00e5de direkte og indirekte <a href=\"https:\/\/www.rajapack.dk\/blog-dk\/kategori\/stillingsopslag\">arbejdspladser.<\/a><\/li>\n<li>Fastholdelse af specialiseret knowhow inden for emballage, tekstilindustri, pakning m.m.<\/li>\n<li>Styrkelse af lokale brancher gennem kontinuerlige investeringer.<\/li>\n<\/ul>\n<figure class=\"wp-block-embed is-provider-youtube wp-block-embed-youtube\">\n<div class=\"wp-block-embed__wrapper\">https:\/\/www.youtube.com\/watch?v=n3dXjSpT5pg<\/div>\n<\/figure>\n<div class=\"wp-block-spacer\" style=\"height: 30px;\" aria-hidden=\"true\"><\/div>\n<hr class=\"wp-block-separator has-alpha-channel-opacity\" \/>\n<div class=\"wp-block-spacer\" style=\"height: 30px;\" aria-hidden=\"true\"><\/div>\n<p><strong>Her er et kort overblik til din emballageafdeling:<\/strong><\/p>\n<ul class=\"wp-block-list\">\n<li><strong>Kvalitet og overensstemmelse<\/strong>: P\u00e5lidelighed sikret gennem strenge standarder<\/li>\n<li><strong>Reaktionsevne<\/strong>: Korte leveringstider og hurtige svar = h\u00f8jere produktivitet<\/li>\n<li><strong>Reduceret CO\u2082-aftryk<\/strong>: En konkret CSR-indsats<\/li>\n<li><strong>St\u00f8tte til lokal\u00f8konomien<\/strong>: Bevaring af arbejdspladser og h\u00e5ndv\u00e6rkstraditioner<\/li>\n<li><strong>Fuld gennemsigtighed<\/strong>: Dokumenteret oprindelse og komplet sporbarhed<\/li>\n<\/ul>\n<p>Med 89 % af sine produkter bestilt i Europa og <a href=\"https:\/\/www.rajapack.dk\/vores-tilstedevaerelse-i-europa_cms_000020.html\">tilstedev\u00e6relse i 19 europ\u00e6iske lande<\/a> har <a href=\"https:\/\/www.rajapack.dk\/\">RAJAPACK<\/a> valgt lokal forankring og ansvarlighed.<\/p>\n","protected":false},"excerpt":{"rendered":"<p>En forpligtelse til kvalitet, reaktionsevne og et reduceret CO\u2082-aftryk. N\u00e5r du v\u00e6lger europ\u00e6isk-producerede varer, v\u00e6lger du h\u00f8jere kvalitet, st\u00f8rre sikkerhed, mere milj\u00f8hensyn og hurtigere levering. Her kan du l\u00e6se, hvorfor [&#8230;]<\/p>\n","protected":false},"author":74,"featured_media":5511,"comment_status":"closed","ping_status":"closed","sticky":false,"template":"","format":"standard","meta":{"_acf_changed":false,"footnotes":""},"categories":[433],"tags":[],"class_list":["post-5505","post","type-post","status-publish","format-standard","has-post-thumbnail","hentry","category-miljoe-emballage"],"acf":[],"yoast_head":"\n<title>Hvorfor v\u00e6lge &quot;Made in Europe&quot;? - Rajapack Danmark, din partner i emballage<\/title>\n<meta name=\"robots\" content=\"index, follow, max-snippet:-1, max-image-preview:large, max-video-preview:-1\" \/>\n<link rel=\"canonical\" href=\"https:\/\/www.rajapack.dk\/blog-dk\/hvorfor-vaelge-made-in-europe\" \/>\n<meta property=\"og:locale\" content=\"da_DK\" \/>\n<meta property=\"og:type\" content=\"article\" \/>\n<meta property=\"og:title\" content=\"Hvorfor v\u00e6lge &quot;Made in Europe&quot;? - Rajapack Danmark, din partner i emballage\" \/>\n<meta property=\"og:description\" content=\"En forpligtelse til kvalitet, reaktionsevne og et reduceret CO\u2082-aftryk. N\u00e5r du v\u00e6lger europ\u00e6isk-producerede varer, v\u00e6lger du h\u00f8jere kvalitet, st\u00f8rre sikkerhed, mere milj\u00f8hensyn og hurtigere levering. Her kan du l\u00e6se, hvorfor [...]\" \/>\n<meta property=\"og:url\" content=\"https:\/\/www.rajapack.dk\/blog-dk\/hvorfor-vaelge-made-in-europe\" \/>\n<meta property=\"og:site_name\" content=\"Rajapack Danmark, din partner i emballage\" \/>\n<meta property=\"article:publisher\" content=\"https:\/\/www.facebook.com\/RajaDanmark\" \/>\n<meta property=\"article:published_time\" content=\"2025-08-29T11:56:44+00:00\" \/>\n<meta property=\"article:modified_time\" content=\"2025-08-29T11:56:46+00:00\" \/>\n<meta property=\"og:image\" content=\"https:\/\/www.rajapack.dk\/blog-dk\/wp-content\/uploads\/2025\/08\/Design-uden-navn-6.png\" \/>\n\t<meta property=\"og:image:width\" content=\"500\" \/>\n\t<meta property=\"og:image:height\" content=\"300\" \/>\n\t<meta property=\"og:image:type\" content=\"image\/png\" \/>\n<meta name=\"author\" content=\"Christina Louise Nagel\" \/>\n<meta name=\"twitter:card\" content=\"summary_large_image\" \/>\n<meta name=\"twitter:label1\" content=\"Skrevet af\" \/>\n\t<meta name=\"twitter:data1\" content=\"Christina Louise Nagel\" \/>\n\t<meta name=\"twitter:label2\" content=\"Estimeret l\u00e6setid\" \/>\n\t<meta name=\"twitter:data2\" content=\"4 minutter\" \/>\n<script type=\"application\/ld+json\" class=\"yoast-schema-graph\">{\n\t    \"@context\": \"https:\/\/schema.org\",\n\t    \"@graph\": [\n\t        {\n\t            \"@type\": \"Article\",\n\t            \"@id\": \"https:\/\/www.rajapack.dk\/blog-dk\/hvorfor-vaelge-made-in-europe#article\",\n\t            \"isPartOf\": {\n\t                \"@id\": \"https:\/\/www.rajapack.dk\/blog-dk\/hvorfor-vaelge-made-in-europe\"\n\t            },\n\t            \"author\": {\n\t                \"name\": \"Christina Louise Nagel\",\n\t                \"@id\": \"https:\/\/www.rajapack.dk\/blog-dk\/#\/schema\/person\/4b30dbde590ed97ddf1992f049b97d22\"\n\t            },\n\t            \"headline\": \"Hvorfor v\u00e6lge &#8220;Made in Europe&#8221;?\",\n\t            \"datePublished\": \"2025-08-29T11:56:44+00:00\",\n\t            \"dateModified\": \"2025-08-29T11:56:46+00:00\",\n\t            \"mainEntityOfPage\": {\n\t                \"@id\": \"https:\/\/www.rajapack.dk\/blog-dk\/hvorfor-vaelge-made-in-europe\"\n\t            },\n\t            \"wordCount\": 577,\n\t            \"publisher\": {\n\t                \"@id\": \"https:\/\/www.rajapack.dk\/blog-dk\/#organization\"\n\t            },\n\t            \"image\": {\n\t                \"@id\": \"https:\/\/www.rajapack.dk\/blog-dk\/hvorfor-vaelge-made-in-europe#primaryimage\"\n\t            },\n\t            \"thumbnailUrl\": \"https:\/\/www.rajapack.dk\/blog-dk\/wp-content\/uploads\/2025\/08\/Design-uden-navn-6.png\",\n\t            \"articleSection\": [\n\t                \"Milj\u00f8et og emballage\"\n\t            ],\n\t            \"inLanguage\": \"da-DK\"\n\t        },\n\t        {\n\t            \"@type\": \"WebPage\",\n\t            \"@id\": \"https:\/\/www.rajapack.dk\/blog-dk\/hvorfor-vaelge-made-in-europe\",\n\t            \"url\": \"https:\/\/www.rajapack.dk\/blog-dk\/hvorfor-vaelge-made-in-europe\",\n\t            \"name\": \"Hvorfor v\u00e6lge \\\"Made in Europe\\\"? - Rajapack Danmark, din partner i emballage\",\n\t            \"isPartOf\": {\n\t                \"@id\": \"https:\/\/www.rajapack.dk\/blog-dk\/#website\"\n\t            },\n\t            \"primaryImageOfPage\": {\n\t                \"@id\": \"https:\/\/www.rajapack.dk\/blog-dk\/hvorfor-vaelge-made-in-europe#primaryimage\"\n\t            },\n\t            \"image\": {\n\t                \"@id\": \"https:\/\/www.rajapack.dk\/blog-dk\/hvorfor-vaelge-made-in-europe#primaryimage\"\n\t            },\n\t            \"thumbnailUrl\": \"https:\/\/www.rajapack.dk\/blog-dk\/wp-content\/uploads\/2025\/08\/Design-uden-navn-6.png\",\n\t            \"datePublished\": \"2025-08-29T11:56:44+00:00\",\n\t            \"dateModified\": \"2025-08-29T11:56:46+00:00\",\n\t            \"inLanguage\": \"da-DK\",\n\t            \"potentialAction\": [\n\t                {\n\t                    \"@type\": \"ReadAction\",\n\t                    \"target\": [\n\t                        \"https:\/\/www.rajapack.dk\/blog-dk\/hvorfor-vaelge-made-in-europe\"\n\t                    ]\n\t                }\n\t            ]\n\t        },\n\t        {\n\t            \"@type\": \"ImageObject\",\n\t            \"inLanguage\": \"da-DK\",\n\t            \"@id\": \"https:\/\/www.rajapack.dk\/blog-dk\/hvorfor-vaelge-made-in-europe#primaryimage\",\n\t            \"url\": \"https:\/\/www.rajapack.dk\/blog-dk\/wp-content\/uploads\/2025\/08\/Design-uden-navn-6.png\",\n\t            \"contentUrl\": \"https:\/\/www.rajapack.dk\/blog-dk\/wp-content\/uploads\/2025\/08\/Design-uden-navn-6.png\",\n\t            \"width\": 500,\n\t            \"height\": 300\n\t        },\n\t        {\n\t            \"@type\": \"WebSite\",\n\t            \"@id\": \"https:\/\/www.rajapack.dk\/blog-dk\/#website\",\n\t            \"url\": \"https:\/\/www.rajapack.dk\/blog-dk\/\",\n\t            \"name\": \"Rajapack Danmark, din partner i emballage\",\n\t            \"description\": \"Nyheder, tips og guides fra vores eksperter i emballage\",\n\t            \"publisher\": {\n\t                \"@id\": \"https:\/\/www.rajapack.dk\/blog-dk\/#organization\"\n\t            },\n\t            \"potentialAction\": [\n\t                {\n\t                    \"@type\": \"SearchAction\",\n\t                    \"target\": {\n\t                        \"@type\": \"EntryPoint\",\n\t                        \"urlTemplate\": \"https:\/\/www.rajapack.dk\/blog-dk\/?s={search_term_string}\"\n\t                    },\n\t                    \"query-input\": \"required name=search_term_string\"\n\t                }\n\t            ],\n\t            \"inLanguage\": \"da-DK\"\n\t        },\n\t        {\n\t            \"@type\": \"Organization\",\n\t            \"@id\": \"https:\/\/www.rajapack.dk\/blog-dk\/#organization\",\n\t            \"name\": \"Rajapack Danmark, din partner i emballage\",\n\t            \"url\": \"https:\/\/www.rajapack.dk\/blog-dk\/\",\n\t            \"logo\": {\n\t                \"@type\": \"ImageObject\",\n\t                \"inLanguage\": \"da-DK\",\n\t                \"@id\": \"https:\/\/www.rajapack.dk\/blog-dk\/#\/schema\/logo\/image\/\",\n\t                \"url\": \"https:\/\/www.rajapack.dk\/blog-dk\/wp-content\/uploads\/2019\/09\/DK-blog-logo-0919.png\",\n\t                \"contentUrl\": \"https:\/\/www.rajapack.dk\/blog-dk\/wp-content\/uploads\/2019\/09\/DK-blog-logo-0919.png\",\n\t                \"width\": 572,\n\t                \"height\": 119,\n\t                \"caption\": \"Rajapack Danmark, din partner i emballage\"\n\t            },\n\t            \"image\": {\n\t                \"@id\": \"https:\/\/www.rajapack.dk\/blog-dk\/#\/schema\/logo\/image\/\"\n\t            },\n\t            \"sameAs\": [\n\t                \"https:\/\/www.facebook.com\/RajaDanmark\",\n\t                \"https:\/\/www.linkedin.com\/company\/rajapack-danmark\/\"\n\t            ]\n\t        },\n\t        {\n\t            \"@type\": \"Person\",\n\t            \"@id\": \"https:\/\/www.rajapack.dk\/blog-dk\/#\/schema\/person\/4b30dbde590ed97ddf1992f049b97d22\",\n\t            \"name\": \"Christina Louise Nagel\",\n\t            \"image\": {\n\t                \"@type\": \"ImageObject\",\n\t                \"inLanguage\": \"da-DK\",\n\t                \"@id\": \"https:\/\/www.rajapack.dk\/blog-dk\/#\/schema\/person\/image\/\",\n\t                \"url\": \"https:\/\/secure.gravatar.com\/avatar\/81cf9554e2eb7f8bfb6aff1633d320cc?s=96&d=mm&r=g\",\n\t                \"contentUrl\": \"https:\/\/secure.gravatar.com\/avatar\/81cf9554e2eb7f8bfb6aff1633d320cc?s=96&d=mm&r=g\",\n\t                \"caption\": \"Christina Louise Nagel\"\n\t            },\n\t            \"url\": \"https:\/\/www.rajapack.dk\/blog-dk\/author\/clnagelrajapack-dk\"\n\t        }\n\t    ]\n\t}<\/script>\n","yoast_head_json":{"title":"Hvorfor v\u00e6lge \"Made in Europe\"? - Rajapack Danmark, din partner i emballage","robots":{"index":"index","follow":"follow","max-snippet":"max-snippet:-1","max-image-preview":"max-image-preview:large","max-video-preview":"max-video-preview:-1"},"canonical":"https:\/\/www.rajapack.dk\/blog-dk\/hvorfor-vaelge-made-in-europe","og_locale":"da_DK","og_type":"article","og_title":"Hvorfor v\u00e6lge \"Made in Europe\"? - Rajapack Danmark, din partner i emballage","og_description":"En forpligtelse til kvalitet, reaktionsevne og et reduceret CO\u2082-aftryk. N\u00e5r du v\u00e6lger europ\u00e6isk-producerede varer, v\u00e6lger du h\u00f8jere kvalitet, st\u00f8rre sikkerhed, mere milj\u00f8hensyn og hurtigere levering. Her kan du l\u00e6se, hvorfor [...]","og_url":"https:\/\/www.rajapack.dk\/blog-dk\/hvorfor-vaelge-made-in-europe","og_site_name":"Rajapack Danmark, din partner i emballage","article_publisher":"https:\/\/www.facebook.com\/RajaDanmark","article_published_time":"2025-08-29T11:56:44+00:00","article_modified_time":"2025-08-29T11:56:46+00:00","og_image":[{"width":500,"height":300,"url":"https:\/\/www.rajapack.dk\/blog-dk\/wp-content\/uploads\/2025\/08\/Design-uden-navn-6.png","type":"image\/png"}],"author":"Christina Louise Nagel","twitter_card":"summary_large_image","twitter_misc":{"Skrevet af":"Christina Louise Nagel","Estimeret l\u00e6setid":"4 minutter"},"schema":{"@context":"https:\/\/schema.org","@graph":[{"@type":"Article","@id":"https:\/\/www.rajapack.dk\/blog-dk\/hvorfor-vaelge-made-in-europe#article","isPartOf":{"@id":"https:\/\/www.rajapack.dk\/blog-dk\/hvorfor-vaelge-made-in-europe"},"author":{"name":"Christina Louise Nagel","@id":"https:\/\/www.rajapack.dk\/blog-dk\/#\/schema\/person\/4b30dbde590ed97ddf1992f049b97d22"},"headline":"Hvorfor v\u00e6lge &#8220;Made in Europe&#8221;?","datePublished":"2025-08-29T11:56:44+00:00","dateModified":"2025-08-29T11:56:46+00:00","mainEntityOfPage":{"@id":"https:\/\/www.rajapack.dk\/blog-dk\/hvorfor-vaelge-made-in-europe"},"wordCount":577,"publisher":{"@id":"https:\/\/www.rajapack.dk\/blog-dk\/#organization"},"image":{"@id":"https:\/\/www.rajapack.dk\/blog-dk\/hvorfor-vaelge-made-in-europe#primaryimage"},"thumbnailUrl":"https:\/\/www.rajapack.dk\/blog-dk\/wp-content\/uploads\/2025\/08\/Design-uden-navn-6.png","articleSection":["Milj\u00f8et og emballage"],"inLanguage":"da-DK"},{"@type":"WebPage","@id":"https:\/\/www.rajapack.dk\/blog-dk\/hvorfor-vaelge-made-in-europe","url":"https:\/\/www.rajapack.dk\/blog-dk\/hvorfor-vaelge-made-in-europe","name":"Hvorfor v\u00e6lge \"Made in Europe\"? - Rajapack Danmark, din partner i emballage","isPartOf":{"@id":"https:\/\/www.rajapack.dk\/blog-dk\/#website"},"primaryImageOfPage":{"@id":"https:\/\/www.rajapack.dk\/blog-dk\/hvorfor-vaelge-made-in-europe#primaryimage"},"image":{"@id":"https:\/\/www.rajapack.dk\/blog-dk\/hvorfor-vaelge-made-in-europe#primaryimage"},"thumbnailUrl":"https:\/\/www.rajapack.dk\/blog-dk\/wp-content\/uploads\/2025\/08\/Design-uden-navn-6.png","datePublished":"2025-08-29T11:56:44+00:00","dateModified":"2025-08-29T11:56:46+00:00","inLanguage":"da-DK","potentialAction":[{"@type":"ReadAction","target":["https:\/\/www.rajapack.dk\/blog-dk\/hvorfor-vaelge-made-in-europe"]}]},{"@type":"ImageObject","inLanguage":"da-DK","@id":"https:\/\/www.rajapack.dk\/blog-dk\/hvorfor-vaelge-made-in-europe#primaryimage","url":"https:\/\/www.rajapack.dk\/blog-dk\/wp-content\/uploads\/2025\/08\/Design-uden-navn-6.png","contentUrl":"https:\/\/www.rajapack.dk\/blog-dk\/wp-content\/uploads\/2025\/08\/Design-uden-navn-6.png","width":500,"height":300},{"@type":"WebSite","@id":"https:\/\/www.rajapack.dk\/blog-dk\/#website","url":"https:\/\/www.rajapack.dk\/blog-dk\/","name":"Rajapack Danmark, din partner i emballage","description":"Nyheder, tips og guides fra vores eksperter i emballage","publisher":{"@id":"https:\/\/www.rajapack.dk\/blog-dk\/#organization"},"potentialAction":[{"@type":"SearchAction","target":{"@type":"EntryPoint","urlTemplate":"https:\/\/www.rajapack.dk\/blog-dk\/?s={search_term_string}"},"query-input":"required name=search_term_string"}],"inLanguage":"da-DK"},{"@type":"Organization","@id":"https:\/\/www.rajapack.dk\/blog-dk\/#organization","name":"Rajapack Danmark, din partner i emballage","url":"https:\/\/www.rajapack.dk\/blog-dk\/","logo":{"@type":"ImageObject","inLanguage":"da-DK","@id":"https:\/\/www.rajapack.dk\/blog-dk\/#\/schema\/logo\/image\/","url":"https:\/\/www.rajapack.dk\/blog-dk\/wp-content\/uploads\/2019\/09\/DK-blog-logo-0919.png","contentUrl":"https:\/\/www.rajapack.dk\/blog-dk\/wp-content\/uploads\/2019\/09\/DK-blog-logo-0919.png","width":572,"height":119,"caption":"Rajapack Danmark, din partner i emballage"},"image":{"@id":"https:\/\/www.rajapack.dk\/blog-dk\/#\/schema\/logo\/image\/"},"sameAs":["https:\/\/www.facebook.com\/RajaDanmark","https:\/\/www.linkedin.com\/company\/rajapack-danmark\/"]},{"@type":"Person","@id":"https:\/\/www.rajapack.dk\/blog-dk\/#\/schema\/person\/4b30dbde590ed97ddf1992f049b97d22","name":"Christina Louise Nagel","image":{"@type":"ImageObject","inLanguage":"da-DK","@id":"https:\/\/www.rajapack.dk\/blog-dk\/#\/schema\/person\/image\/","url":"https:\/\/secure.gravatar.com\/avatar\/81cf9554e2eb7f8bfb6aff1633d320cc?s=96&d=mm&r=g","contentUrl":"https:\/\/secure.gravatar.com\/avatar\/81cf9554e2eb7f8bfb6aff1633d320cc?s=96&d=mm&r=g","caption":"Christina Louise Nagel"},"url":"https:\/\/www.rajapack.dk\/blog-dk\/author\/clnagelrajapack-dk"}]}},"_links":{"self":[{"href":"https:\/\/www.rajapack.dk\/blog-dk\/wp-json\/wp\/v2\/posts\/5505"}],"collection":[{"href":"https:\/\/www.rajapack.dk\/blog-dk\/wp-json\/wp\/v2\/posts"}],"about":[{"href":"https:\/\/www.rajapack.dk\/blog-dk\/wp-json\/wp\/v2\/types\/post"}],"author":[{"embeddable":true,"href":"https:\/\/www.rajapack.dk\/blog-dk\/wp-json\/wp\/v2\/users\/74"}],"replies":[{"embeddable":true,"href":"https:\/\/www.rajapack.dk\/blog-dk\/wp-json\/wp\/v2\/comments?post=5505"}],"version-history":[{"count":15,"href":"https:\/\/www.rajapack.dk\/blog-dk\/wp-json\/wp\/v2\/posts\/5505\/revisions"}],"predecessor-version":[{"id":5528,"href":"https:\/\/www.rajapack.dk\/blog-dk\/wp-json\/wp\/v2\/posts\/5505\/revisions\/5528"}],"wp:featuredmedia":[{"embeddable":true,"href":"https:\/\/www.rajapack.dk\/blog-dk\/wp-json\/wp\/v2\/media\/5511"}],"wp:attachment":[{"href":"https:\/\/www.rajapack.dk\/blog-dk\/wp-json\/wp\/v2\/media?parent=5505"}],"wp:term":[{"taxonomy":"category","embeddable":true,"href":"https:\/\/www.rajapack.dk\/blog-dk\/wp-json\/wp\/v2\/categories?post=5505"},{"taxonomy":"post_tag","embeddable":true,"href":"https:\/\/www.rajapack.dk\/blog-dk\/wp-json\/wp\/v2\/tags?post=5505"}],"curies":[{"name":"wp","href":"https:\/\/api.w.org\/{rel}","templated":true}]}}